{"id":41,"date":"2017-07-01T15:29:16","date_gmt":"2017-07-01T15:29:16","guid":{"rendered":"http:\/\/infolabrador.net\/?p=41"},"modified":"2025-02-09T12:36:57","modified_gmt":"2025-02-09T12:36:57","slug":"in-viaggio-con-il-tuo-labrador","status":"publish","type":"post","link":"https:\/\/infolabrador.net\/en\/in-viaggio-con-il-tuo-labrador\/","title":{"rendered":"In viaggio con il tuo labrador"},"content":{"rendered":"<div class=\"fcbkbttn_buttons_block\" id=\"fcbkbttn_left\"><div class=\"fcbkbttn_like\"><fb:like href=\"https:\/\/infolabrador.net\/en\/in-viaggio-con-il-tuo-labrador\/\" action=\"like\" colorscheme=\"light\" layout=\"button_count\"  size=\"small\"><\/fb:like><\/div><\/div><div style='text-align:left' class='yasr-auto-insert-overall'><\/div><h2 class=\"wp-block-heading\">In viaggio con il tuo labrador: sar\u00e0 bello?<\/h2><p>Viaggiare con il  labrador \u00e8 un&#8217;<strong>esperienza positiva<\/strong>&nbsp;e indimenticabile, tuttavia \u00e8 bene prestare attenzione ad alcuni semplici, ma fondamentali principi che ci consentiranno di godere appieno del periodo vacanziero passato insieme al nostro amico.<\/p><p>Avendo avuto modo di maturare una certa esperienza in questa \u201cmateria\u201d ci permettiamo di riassumere alcune principali indicazioni, quelle che ci sembrano fondamentali, anche se va detto che ogni viaggio con il cane \u00e8 una storia a s\u00e9 ed i principi da non dimenticarsi mai sono sempre frutto e derivati in buona sostanza dal buon senso.<\/p><figure class=\"wp-block-image\"><a href=\"https:\/\/i0.wp.com\/infolabrador.net\/wp-content\/uploads\/2017\/07\/maya-in-viaggio-al-mare.jpg?ssl=1\"><img data-recalc-dims=\"1\" loading=\"lazy\" decoding=\"async\" width=\"1024\" height=\"764\" src=\"https:\/\/i0.wp.com\/infolabrador.net\/wp-content\/uploads\/2017\/07\/maya-in-viaggio-al-mare.jpg?resize=1024%2C764&#038;ssl=1\" alt=\"in viaggio con il tuo labrador al mare, viaggio con il cane\" class=\"wp-image-120\" srcset=\"https:\/\/i0.wp.com\/infolabrador.net\/wp-content\/uploads\/2017\/07\/maya-in-viaggio-al-mare.jpg?w=1024&amp;ssl=1 1024w, https:\/\/i0.wp.com\/infolabrador.net\/wp-content\/uploads\/2017\/07\/maya-in-viaggio-al-mare.jpg?resize=300%2C224&amp;ssl=1 300w, https:\/\/i0.wp.com\/infolabrador.net\/wp-content\/uploads\/2017\/07\/maya-in-viaggio-al-mare.jpg?resize=768%2C573&amp;ssl=1 768w\" sizes=\"auto, (max-width: 1024px) 100vw, 1024px\" \/><\/a><\/figure><h3 class=\"wp-block-heading\">Vaggiare con il labrador, le regole fondamentali<\/h3><p>Innanzi tutto quando si decide di partire per le&nbsp;<strong>vacanze<\/strong>&nbsp;con il proprio amico a&nbsp;<strong>quatto zampe \u201cpalmate\u201d<\/strong>, \u00e8 bene:<\/p><ul class=\"wp-block-list\"><li>programmare il viaggio con il cane con il<strong>&nbsp;giusto anticipo<\/strong>&nbsp;rispetto alla meta ed i giorni di lontananza da casa (prosegui nella lettura per ulteriori dettagli);<\/li>\n\n<li>Per il viaggio con il tuo labrador scegli una&nbsp;<strong>meta adatta<\/strong>&nbsp;non solo a per te, ma anche per il nostro amico dalla coda di lontra, tenendo conto della sua et\u00e0, del temperamento, delle abitudini, ma anche di eventuali acciacchi o patologie che potrebbero acuirsi per lo stress della lontananza da casa.<\/li>\n\n<li>Per la scelta della meta ricordiamoci di chiedere sempre prima se il nostro amico \u00e8 ben accetto, sia per le mete turistiche e le&nbsp;<strong>attrazioni<\/strong>&nbsp;che vorremo visitare, che per&nbsp;<strong>strutture alberghiere<\/strong>&nbsp;(ce ne sono moltissime che oltre ad accettare non chiedono nessun costo aggiuntivo per il peloso). Il sito&nbsp;<a href=\"https:\/\/web.archive.org\/web\/20140608184214\/http:\/\/www.vacanzea4zampe.info\/\" target=\"_blank\" rel=\"noopener\">vacanze a quattro zampe<\/a>&nbsp;pu\u00f2 essere un aiuto in questo senso.<\/li>\n\n<li>Informiamoci se nella localit\u00e0 meta delle nostre vacanze sono endemici parassiti che potrebbero essere dannosi per il nostro labrador e partiamo muniti di repellenti idonei.<\/li><\/ul><h3 class=\"wp-block-heading\">Prima di partire per un viaggio con il cane \u00e8 quindi importante:<\/h3><ul class=\"wp-block-list\"><li>verificare lo&nbsp;<strong>stato di salute<\/strong>&nbsp;del nostro amato labrador anche sottoponendolo ad una visita veterinaria per attestare che sia&nbsp;<em>normalmente in forma<\/em>;<\/li>\n\n<li>importantissimo, inoltre verificare che sia in&nbsp;<strong>regola con le vaccinazioni<\/strong>;<\/li>\n\n<li>presso il veterinario di fiducia \u00e8 bene anche ogni tanto controllare che il&nbsp;<strong>microchip<\/strong>&nbsp;sia leggibile (purtroppo in rari casi pu\u00f2 capitare che smetta di funzionare), facendo ogni scongiuro, ricordiamoci che diverrebbe fondamentale in caso di allontanamento o smarrimento;<\/li>\n\n<li>Ricordiamoci di mettere in valigia il&nbsp;<strong>libretto sanitario<\/strong>.<\/li>\n\n<li>se il nostro amico ha un&#8217;indole libera, o \u00e8 soggetto a scappare, \u00e8 bene munirlo di una&nbsp;<strong>medaglietta di riconoscimento<\/strong>&nbsp;recante il suo nome e con un vostro recapito telefonico.<\/li><\/ul><div class=\"wp-block-columns is-layout-flex wp-container-core-columns-is-layout-1 wp-block-columns-is-layout-flex\"><div class=\"wp-block-column is-layout-flow wp-block-column-is-layout-flow\" style=\"flex-basis:66.66%\"><p>Questa medaglietta in acciaio \u00e8 molto consigliata e ad un prezzo davvero competitivo se pensiamo che \u00e8 compresa anche la personalizzazione. <\/p>\n\n<p><strong>I clienti sono molto soddisfatti e non solo per viaggiare con il cane : <\/strong><\/p>\n\n<p><em>Prodotto davvero bellissimo impostato bene acciaio inossidabile scrittura \u00e8 perfetta e molto leggibile arrivato con 14 giorni di anticipo che dire non potrei essere Piu soddisfatta d\u00ec cos\u00ec<\/em>!<\/p>\n\n<p><em>Il prodotto \u00e8 arrivato con largo anticipo, tra l&#8217;altro risulta ancora in fase di transito ed in ritardo.<br>Prodotto superiore alle attese per finitura e qualit\u00e0 del materiale. Avrei speso dagli 8 euro in su per un oggetto simile.<br>La medaglietta arriva completa di piccolo moschetto e anellino per essere attaccato al collare. Molto molto soddisfatto.<\/em><\/p><\/div>\n\n<div class=\"wp-block-column is-layout-flow wp-block-column-is-layout-flow\" style=\"flex-basis:33.33%\"><div class=\"hostinger-affiliate-block-single-type\">\n                    <div class=\"hostinger-affiliate-block-single-type__image\">\n                <a href=\"https:\/\/www.amazon.it\/dp\/B0DLKT94S9?tag=boscoretrie07-21\" target=\"_blank\" rel=\"nofollow noopener noreferrer\">\n                    <img decoding=\"async\" src=\"https:\/\/m.media-amazon.com\/images\/I\/41R3hzRROOL.jpg\" alt=\"Pendenti per collare Medagliette Identificative per Cani e Gatti ...\">\n                <\/a>\n            <\/div>\n                    <div class=\"hostinger-affiliate-block-single-type__product-data\">\n            <div class=\"hostinger-affiliate-block-single-type__product-title\">\n                <a href=\"https:\/\/www.amazon.it\/dp\/B0DLKT94S9?tag=boscoretrie07-21\" target=\"_blank\" rel=\"nofollow noopener noreferrer\">\n                    <h3>\n                        Pendenti per collare Medagliette Identificative per Cani e Gatti &#8230;                    <\/h3>\n                <\/a>\n            <\/div>\n                            <div class=\"hostinger-affiliate-block-single-type__product-description\">\n                            <ul>\n                                <li>Aggiungi un ciondolo a forma di margherita al collare del tuo animale domestico per far sembrare il tuo cane alla moda e&#8230;<\/li>\n                            <\/ul>\n                        <\/div>\n                            <div class=\"hostinger-affiliate-block-single-type__product-actions\">\n                                    <div class=\"hostinger-affiliate-block-single-type__product-price\">\n                        7,99\u20ac                    <\/div>\n                                    <div class=\"hostinger-affiliate-block-single-type__product-button-wrap\">\n                    <a href=\"https:\/\/www.amazon.it\/dp\/B0DLKT94S9?tag=boscoretrie07-21\" class=\"hostinger-affiliate-block-single-type__product-amazon-button\" target=\"_blank\" rel=\"nofollow noopener noreferrer\">\n    Buy on Amazon<\/a>\n                <\/div>\n\n            <\/div>\n        <\/div>\n    <\/div><\/div><\/div><h3 class=\"wp-block-heading\">In viaggio con il labrador all&#8217;estero<\/h3><p>Con il nostro labrador possiamo viaggiare oltre i confini nazionali, ma solo se siamo in possesso del&nbsp;<strong>passaporto europeo<\/strong>.<\/p><p>Per il rilascio del passaporto \u00e8 obbligatorio eseguire il vaccino antirabbico (presso il proprio veterinario) quindi contattare il servizio veterinario della propria ASL che ne \u00e8 competente.<\/p><p>Il passaporto in questo caso \u00e8 indispensabile: in mancanza di questo documento, non potr\u00e0 seguirvi in vacanza (\u00e8 bene in questo caso programmarsi con anticipo, sia per le tempistiche di rilascio, che per la validit\u00e0 del vaccino che viene ritenuto efficacie solo dopo un mese dalla somministrazione).<\/p><p>Questo documento d\u2019identit\u00e0 unito al<strong>&nbsp;libretto sanitario<\/strong>&nbsp;forniscono tutte le informazioni quali le vaccinazioni effettuate, eventuali indagini diagnostiche e trattamenti terapeutici, numero di microchip.<\/p><p>Ricorda inoltre che il viaggio con il cane pu\u00f2 essere un momento delicato, \u00e8 bene per questo motivo abituare il nostro amico a viaggiare con noi in auto prima per brevi tratti in previsione di effettuare un lungo tragitto.<\/p><h4 class=\"wp-block-heading\">Regole di buon senso per un viaggio con il labrador felice<\/h4><p>Per il viaggio con il tuo labrador in auto risulta comunque sempre importante:<\/p><ul class=\"wp-block-list\"><li>non generare ansia n\u00e9 agitare il nostro lab sia prima della partenza, che durante il tragitto;<\/li>\n\n<li>rispettare le modalit\u00e0 previste dal Codice della Strada fruendo di un<strong>&nbsp;trasportino<\/strong>&nbsp;(che consigliamo), o comunque facendo in modo che non possa disturbarci nella guida.<\/li>\n\n<li>viaggiare in orari appropriati, optando in estate delle ore meno calde, azionando l&#8217;aria condizionata facciamo in modo che non sia troppo forte e soprattutto non indirizzarla contro al nostro peloso!<\/li>\n\n<li>programmare una o pi\u00f9 soste per consentire di bere e di sgranchirsi<\/li><\/ul><p>Se viaggi in traghetto ricorda che le scale mobili sono vietate ai cani e comunque (purtroppo esperienza provata) il peloso potrebbe farsi male salendo (abbiamo perso un&#8217;unghia di Maya proprio cos\u00ec..).<br>Concludiamo con alcuni consigli pi\u00f9 generali.<br>Prima di partire per un viaggio con il cane assicuriamoci di avere con noi il&nbsp;<strong>guinzaglio (meglio anche uno di riserva!!)<\/strong><\/p><div class=\"wp-block-columns is-layout-flex wp-container-core-columns-is-layout-2 wp-block-columns-is-layout-flex\"><div class=\"wp-block-column is-layout-flow wp-block-column-is-layout-flow\" style=\"flex-basis:33.33%\"><div class=\"hostinger-affiliate-block-single-type\">\n                    <div class=\"hostinger-affiliate-block-single-type__image\">\n                <a href=\"https:\/\/www.amazon.it\/dp\/B00NJ36KAO?tag=boscoretrie07-21\" target=\"_blank\" rel=\"nofollow noopener noreferrer\">\n                    <img decoding=\"async\" src=\"https:\/\/m.media-amazon.com\/images\/I\/41xSaatSkPL.jpg\" alt=\"HUNTER Collare NEOPRENE VARIO PLUS, collare per cani, nylon, imbo...\">\n                <\/a>\n            <\/div>\n                    <div class=\"hostinger-affiliate-block-single-type__product-data\">\n            <div class=\"hostinger-affiliate-block-single-type__product-title\">\n                <a href=\"https:\/\/www.amazon.it\/dp\/B00NJ36KAO?tag=boscoretrie07-21\" target=\"_blank\" rel=\"nofollow noopener noreferrer\">\n                    <h3>\n                        HUNTER Collare NEOPRENE VARIO PLUS, collare per cani, nylon, imbo&#8230;                    <\/h3>\n                <\/a>\n            <\/div>\n                            <div class=\"hostinger-affiliate-block-single-type__product-description\">\n                            <ul>\n                                <li>Collare per cani ideale per l&#8217;uso quotidiano o le attivit\u00e0 sportive<\/li>\n                                        <li>Realizzato in resistente nylon imbottito con morbido neoprene<\/li>\n                                        <li>Il dispositivo antistrappo integrato aiuta a distribuire la trazione del guinzaglio su tutto il colletto<\/li>\n                            <\/ul>\n                        <\/div>\n                            <div class=\"hostinger-affiliate-block-single-type__product-actions\">\n                                    <div class=\"hostinger-affiliate-block-single-type__product-price\">\n                        14,99\u20ac                    <\/div>\n                                    <div class=\"hostinger-affiliate-block-single-type__product-button-wrap\">\n                    <a href=\"https:\/\/www.amazon.it\/dp\/B00NJ36KAO?tag=boscoretrie07-21\" class=\"hostinger-affiliate-block-single-type__product-amazon-button\" target=\"_blank\" rel=\"nofollow noopener noreferrer\">\n    Buy on Amazon<\/a>\n                <\/div>\n\n            <\/div>\n        <\/div>\n    <\/div><\/div>\n\n<div class=\"wp-block-column is-layout-flow wp-block-column-is-layout-flow\" style=\"flex-basis:66.66%\"><p>Questo collare \u00e8 davvero bello un prezzo medio e  lo si pu\u00f2 sceglere in diverse taglie e colorazioni e ha <strong>ottime recensioni<\/strong>:<\/p>\n\n<ul class=\"wp-block-list\"><li>Comodo da usare<\/li>\n\n<li>Prodotto di qualit\u00e0<\/li>\n\n<li>Materiali Resistenti<\/li><\/ul>\n\n<p><\/p>\n\n<p><\/p><\/div><\/div><div class=\"wp-block-columns is-layout-flex wp-container-core-columns-is-layout-3 wp-block-columns-is-layout-flex\"><div class=\"wp-block-column is-layout-flow wp-block-column-is-layout-flow\" style=\"flex-basis:33.33%\"><div class=\"hostinger-affiliate-block-single-type\">\n                <div class=\"hostinger-affiliate-block-single-type__product-data\">\n            <div class=\"hostinger-affiliate-block-single-type__product-title\">\n                <a href=\"https:\/\/www.amazon.it\/dp\/B07DT8FCTN?tag=boscoretrie07-21\" target=\"_blank\" rel=\"nofollow noopener noreferrer\">\n                    <h3>\n                                            <\/h3>\n                <\/a>\n            <\/div>\n                            <div class=\"hostinger-affiliate-block-single-type__product-description\">\n                            <ul>\n                                <li>Resistente, resistente, ma super morbido<\/li>\n                                        <li>Alta qualit\u00e0<\/li>\n                                        <li>Etichetta rimovibile.<\/li>\n                            <\/ul>\n                        <\/div>\n                            <div class=\"hostinger-affiliate-block-single-type__product-actions\">\n                                    <div class=\"hostinger-affiliate-block-single-type__product-price\">\n                        32,78\u20ac                    <\/div>\n                                    <div class=\"hostinger-affiliate-block-single-type__product-button-wrap\">\n                    <a href=\"https:\/\/www.amazon.it\/dp\/B07DT8FCTN?tag=boscoretrie07-21\" class=\"hostinger-affiliate-block-single-type__product-amazon-button\" target=\"_blank\" rel=\"nofollow noopener noreferrer\">\n    Buy on Amazon<\/a>\n                <\/div>\n\n            <\/div>\n        <\/div>\n    <\/div><\/div>\n\n<div class=\"wp-block-column is-layout-flow wp-block-column-is-layout-flow\" style=\"flex-basis:66.66%\"><p>Da abbinare al collare un guinzaglio regolabile davvero bello e comodo oltre che piacevole da tenere in mano. <\/p>\n\n<p><strong>Ottime recensioni:<\/strong><\/p>\n\n<p><em>L&#8217;articolo \u00e8 ottimo, la qualit\u00e0 \u00e8 buona come per tutti i prodotti Hunter da me utilizzati. Ho acquistato il guinzaglio proprio basandomi sul marchio dato che ne ho altri in casa. Purtroppo non ho controllato la taglia al momento dell&#8217;acquisto e l&#8217;oggetto \u00e8 risultato sproporzionato per le mie esigenze. E&#8217; adatto ad un cane di media\/grossa taglia, mentre io ho un West Highland di taglia piccola, quindi per me era un po&#8217; troppo pesante e grande.<br>Ho comunque provato l&#8217;oggetto ed \u00e8 molto comodo essendo adattabile in lunghezza. \u00e8 molto sicuro, avendo pi\u00f9 moschettoni di aggancio. Lo consiglio a chi ha cani dai 20kg in su!<\/em><\/p><\/div><\/div><p><strong><br><br><\/strong>In viaggio con il cane serve anche la&nbsp;<strong>museruola<\/strong>&nbsp;che in alcune situazioni risulta obbligatoria (ad esempio se dobbiamo prendere un traghetto).<\/p><iframe style=\"width:120px;height:240px;\" marginwidth=\"0\" marginheight=\"0\" scrolling=\"no\" frameborder=\"0\" src=\"https:\/\/rcm-eu.amazon-adsystem.com\/e\/cm?ref=tf_til&#038;t=boscoretrie07-21&#038;m=amazon&#038;o=29&#038;p=8&#038;l=as1&#038;IS1=1&#038;asins=B013ECG6Q2&#038;linkId=1e0b8293c1d4fcf4de604494d8592dec&#038;bc1=FFFFFF&amp;lt1=_top&#038;fc1=333333&#038;lc1=0066C0&#038;bg1=FFFFFF&#038;f=ifr\">\n    <\/iframe><p><\/p><p><br><iframe style=\"width: 120px; height: 240px;\" src=\"https:\/\/rcm-eu.amazon-adsystem.com\/e\/cm?ref=tf_til&amp;t=boscoretrieve-21&amp;m=amazon&amp;o=29&amp;p=8&amp;l=as1&amp;IS1=1&amp;asins=B000WFBO44&amp;linkId=e964f42096c9c5ddfb06d3ab24a01b3f&amp;bc1=FFFFFF&amp;lt1=_top&amp;fc1=333333&amp;lc1=0066C0&amp;bg1=FFFFFF&amp;f=ifr\" frameborder=\"0\" marginwidth=\"0\" marginheight=\"0\" scrolling=\"no\">&amp;amp;amp;lt;br \/><\/iframe><br>Prepariamo con cura la valigia del nostro amico tenendo presente delle effettive esigenze (cibo, toelettatura etc.).<\/p><p>Nel viaggio con i tuo labrador poni particolare attenzione ai segnali che ci d\u00e0 il nostro amico, ed in particolare stai attento alle alte temperature e alle sue richieste di acqua;<\/p><iframe style=\"width:120px;height:240px;\" marginwidth=\"0\" marginheight=\"0\" scrolling=\"no\" frameborder=\"0\" src=\"https:\/\/rcm-eu.amazon-adsystem.com\/e\/cm?ref=tf_til&#038;t=boscoretrie07-21&#038;m=amazon&#038;o=29&#038;p=8&#038;l=as1&#038;IS1=1&#038;asins=B096JW7V8C&#038;linkId=3b9987308a7a8b985b772c899a43b3d8&#038;bc1=FFFFFF&amp;lt1=_top&#038;fc1=333333&#038;lc1=0066C0&#038;bg1=FFFFFF&#038;f=ifr\">\n    <\/iframe><p><br><iframe style=\"width: 120px; height: 240px;\" src=\"https:\/\/rcm-eu.amazon-adsystem.com\/e\/cm?ref=tf_til&amp;t=boscoretrieve-21&amp;m=amazon&amp;o=29&amp;p=8&amp;l=as1&amp;IS1=1&amp;asins=B01M04XMC1&amp;linkId=ef1ddcc45b8be403252631904b86d29e&amp;bc1=FFFFFF&amp;lt1=_top&amp;fc1=333333&amp;lc1=0066C0&amp;bg1=FFFFFF&amp;f=ifr\" frameborder=\"0\" marginwidth=\"0\" marginheight=\"0\" scrolling=\"no\">&amp;amp;amp;lt;br \/><\/iframe><br>meglio non rischiare mai un colpo di calore, n\u00e9 in viaggio tanto meno in villeggiatura. Teniamo anche presente che i soggetti neri o marroni risentono maggiormente dell&#8217;esposizione al sole, rispetto ai biondi (dipende dalla fisica!).<\/p><iframe style=\"width:120px;height:240px;\" marginwidth=\"0\" marginheight=\"0\" scrolling=\"no\" frameborder=\"0\" src=\"https:\/\/rcm-eu.amazon-adsystem.com\/e\/cm?ref=tf_til&#038;t=boscoretrie07-21&#038;m=amazon&#038;o=29&#038;p=8&#038;l=as1&#038;IS1=1&#038;asins=B08MDSJCK1&#038;linkId=94217745198f9780125358f73a9e7c07&#038;bc1=FFFFFF&amp;lt1=_top&#038;fc1=333333&#038;lc1=0066C0&#038;bg1=FFFFFF&#038;f=ifr\">\n    <\/iframe><p><\/p><p><iframe style=\"width: 120px; height: 240px;\" src=\"https:\/\/rcm-eu.amazon-adsystem.com\/e\/cm?ref=tf_til&amp;t=boscoretrieve-21&amp;m=amazon&amp;o=29&amp;p=8&amp;l=as1&amp;IS1=1&amp;asins=B01N4KTVD8&amp;linkId=dcaf42bc4907878cb74e56b029ca786e&amp;bc1=FFFFFF&amp;lt1=_top&amp;fc1=333333&amp;lc1=0066C0&amp;bg1=FFFFFF&amp;f=ifr\" frameborder=\"0\" marginwidth=\"0\" marginheight=\"0\" scrolling=\"no\"><br \/><\/iframe><\/p><p>Come anticipato si tratta di banali indicazioni, per un viaggio con il cane, se non altro potrebbero risultare utili come lista della spesa da ricontrollare prima di partire.<\/p><p>Grazie e Buone Vacanze insieme al tuo labrador!<\/p><div tabindex=\"0\" class=\"cycloneslider cycloneslider-template-standard cycloneslider-width-responsive\" id=\"cycloneslider-158-1\" style=\"max-width:960px\" > <div class=\"cycloneslider-slides cycle-slideshow\" data-cycle-allow-wrap=\"true\" data-cycle-dynamic-height=\"off\" data-cycle-auto-height=\"960:600\" data-cycle-auto-height-easing=\"null\" data-cycle-auto-height-speed=\"250\" data-cycle-delay=\"0\" data-cycle-easing=\"\" data-cycle-fx=\"fade\" data-cycle-hide-non-active=\"true\" data-cycle-log=\"false\" data-cycle-next=\"#cycloneslider-158-1 .cycloneslider-next\" data-cycle-pager=\"#cycloneslider-158-1 .cycloneslider-pager\" data-cycle-pause-on-hover=\"true\" data-cycle-prev=\"#cycloneslider-158-1 .cycloneslider-prev\" data-cycle-slides=\"&gt; div\" data-cycle-speed=\"1000\" data-cycle-swipe=\"false\" data-cycle-tile-count=\"7\" data-cycle-tile-delay=\"100\" data-cycle-tile-vertical=\"true\" data-cycle-timeout=\"4000\" > <div class=\"cycloneslider-slide cycloneslider-slide-image\" > <a class=\"cycloneslider-caption-more\" target=\"_blank\" href=\"https:\/\/uomocane.com\/product\/corso-uomo-cane\/\" rel=\"noopener\"> <img decoding=\"async\" src=\"https:\/\/i0.wp.com\/infolabrador.net\/wp-content\/uploads\/2020\/09\/corso_uomo-cane-960x600.jpg\" alt=\"\" title=\"\" \/> <\/a> <div class=\"cycloneslider-caption\"> <div class=\"cycloneslider-caption-title\">CORSO UOMO CANE<\/div> <div class=\"cycloneslider-caption-description\">ADATTO A PROFESSIONISTI CINOFILI E STUDENTI CHE VOGLIONO IMPARARE IN UN NUOVO MODO E AVERE GLI STRUMENTI PER CREARSI UN PROPRIO STILE PERSONALE\nADATTO AI COACH CHE SENTONO IL BISOGNO DI APRIRSI A NUOVI PUNTI DI VISTA, AD UNA NUOVA VISIONE DEL MONDO, PER METTERE NELLA CASSETTA DEGLI ATTREZZI NUOVI ESEMPI, METAFORE E NARRAZIONI<\/div> <\/div> <\/div> <div class=\"cycloneslider-slide cycloneslider-slide-image\" > <a class=\"cycloneslider-caption-more\" target=\"_blank\" href=\"https:\/\/uomocane.com\/product\/bignamino-uomo-cane\/\" rel=\"noopener\"> <img decoding=\"async\" src=\"https:\/\/i0.wp.com\/infolabrador.net\/wp-content\/uploads\/2020\/09\/bignamino-uc-960x600.jpg\" alt=\"\" title=\"\" \/> <\/a> <div class=\"cycloneslider-caption\"> <div class=\"cycloneslider-caption-title\">BIGNAMINO UOMO CANE<\/div> <div class=\"cycloneslider-caption-description\">BIGNAMINO UOMO CANE: CONTIENE TUTTE LE TEMATICHE TRATTATE IN MODO RIDOTTO, PENSATO PER CHI VUOLE INIZIARE AD APPROCCIARSI AL MONDO UOMO CANE E VALUTARE SUCCESSIVAMENTE IL CORSO COMPLETO\nA CORSO ULTIMATO SI OTTERR\u00e0 UNA VISIONE A 360 GRADI DEL MONDO CINOFILO E NUOVI STRUMENTI PRATICI PER VIVERE MEGLIO E RIDURRE I CONFLITTI E L\u2019INSODDISFAZIONE<\/div> <\/div> <\/div> <div class=\"cycloneslider-slide cycloneslider-slide-image\" > <a class=\"cycloneslider-caption-more\" target=\"_blank\" href=\"https:\/\/uomocane.com\/product\/bigino-uomo-cane-junior\/\" rel=\"noopener\"> <img decoding=\"async\" src=\"https:\/\/i0.wp.com\/infolabrador.net\/wp-content\/uploads\/2020\/09\/bignamino_uomo-cane_junior-960x600.jpg\" alt=\"\" title=\"\" \/> <\/a> <div class=\"cycloneslider-caption\"> <div class=\"cycloneslider-caption-title\">BIGNAMINO UOMO CANE JUNIOR<\/div> <div class=\"cycloneslider-caption-description\">Pensato per i pi\u00f9 piccoli<\/div> <\/div> <\/div> <div class=\"cycloneslider-slide cycloneslider-slide-image\" > <a class=\"cycloneslider-caption-more\" target=\"_blank\" href=\"https:\/\/labradordellaspippola.it\/cucciolate\/cuccioli-di-labrador-nero\/\" rel=\"noopener\"> <img decoding=\"async\" src=\"https:\/\/i0.wp.com\/infolabrador.net\/wp-content\/uploads\/2022\/11\/cucciolata-all-black-1-960x600.webp\" alt=\"cuccili di labrador nero\" title=\"\" \/> <\/a> <div class=\"cycloneslider-caption\"> <div class=\"cycloneslider-caption-title\">Cuccioli di labrador neri<\/div> <div class=\"cycloneslider-caption-description\"><\/div> <\/div> <\/div> <\/div> <div class=\"cycloneslider-pager\"><\/div> <a href=\"#\" class=\"cycloneslider-prev\"> <span class=\"arrow\"><\/span> <\/a> <a href=\"#\" class=\"cycloneslider-next\"> <span class=\"arrow\"><\/span> <\/a> <\/div>","protected":false},"excerpt":{"rendered":"<p>In viaggio con il tuo labrador: sar\u00e0 bello? Viaggiare con il labrador \u00e8 un&#8217;esperienza positiva&nbsp;e indimenticabile, tuttavia \u00e8 bene prestare attenzione ad alcuni semplici, ma fondamentali principi che ci consentiranno di godere appieno del periodo vacanziero passato insieme al nostro &hellip; <a class=\"kt-excerpt-readmore\" href=\"https:\/\/infolabrador.net\/en\/in-viaggio-con-il-tuo-labrador\/\" aria-label=\"In viaggio con il tuo labrador\">Read More<\/a><\/p>","protected":false},"author":1,"featured_media":0,"comment_status":"closed","ping_status":"open","sticky":false,"template":"","format":"standard","meta":{"kt_blocks_editor_width":"","_kad_blocks_custom_css":"","_kad_blocks_head_custom_js":"","_kad_blocks_body_custom_js":"","_kad_blocks_footer_custom_js":"","yasr_overall_rating":0,"yasr_post_is_review":"","yasr_auto_insert_disabled":"","yasr_review_type":"","_jetpack_memberships_contains_paid_content":false,"footnotes":""},"categories":[6],"tags":[24,25,23],"class_list":["post-41","post","type-post","status-publish","format-standard","hentry","category-curiosita","tag-in-viaggio-con-il-tuo-labrador","tag-vacanza-con-un-labrador","tag-viaggio"],"yasr_visitor_votes":{"stars_attributes":{"read_only":false,"span_bottom":false},"number_of_votes":0,"sum_votes":0},"taxonomy_info":{"category":[{"value":6,"label":"curiosit\u00e0 dei retrievers"}],"post_tag":[{"value":24,"label":"in viaggio con il tuo labrador"},{"value":25,"label":"vacanza con un labrador"},{"value":23,"label":"viaggio"}]},"featured_image_src_large":false,"author_info":{"display_name":"admin","author_link":"https:\/\/infolabrador.net\/en\/author\/admin\/"},"comment_info":0,"category_info":[{"term_id":6,"name":"curiosit\u00e0 dei retrievers","slug":"curiosita","term_group":0,"term_taxonomy_id":6,"taxonomy":"category","description":"","parent":0,"count":21,"filter":"raw","cat_ID":6,"category_count":21,"category_description":"","cat_name":"curiosit\u00e0 dei retrievers","category_nicename":"curiosita","category_parent":0}],"tag_info":[{"term_id":24,"name":"in viaggio con il tuo labrador","slug":"in-viaggio-con-il-tuo-labrador","term_group":0,"term_taxonomy_id":24,"taxonomy":"post_tag","description":"","parent":0,"count":1,"filter":"raw"},{"term_id":25,"name":"vacanza con un labrador","slug":"vacanza-con-un-labrador","term_group":0,"term_taxonomy_id":25,"taxonomy":"post_tag","description":"","parent":0,"count":1,"filter":"raw"},{"term_id":23,"name":"viaggio","slug":"viaggio","term_group":0,"term_taxonomy_id":23,"taxonomy":"post_tag","description":"","parent":0,"count":1,"filter":"raw"}],"jetpack_featured_media_url":"","jetpack_sharing_enabled":true,"_links":{"self":[{"href":"https:\/\/infolabrador.net\/en\/wp-json\/wp\/v2\/posts\/41","targetHints":{"allow":["GET"]}}],"collection":[{"href":"https:\/\/infolabrador.net\/en\/wp-json\/wp\/v2\/posts"}],"about":[{"href":"https:\/\/infolabrador.net\/en\/wp-json\/wp\/v2\/types\/post"}],"author":[{"embeddable":true,"href":"https:\/\/infolabrador.net\/en\/wp-json\/wp\/v2\/users\/1"}],"replies":[{"embeddable":true,"href":"https:\/\/infolabrador.net\/en\/wp-json\/wp\/v2\/comments?post=41"}],"version-history":[{"count":9,"href":"https:\/\/infolabrador.net\/en\/wp-json\/wp\/v2\/posts\/41\/revisions"}],"predecessor-version":[{"id":1681,"href":"https:\/\/infolabrador.net\/en\/wp-json\/wp\/v2\/posts\/41\/revisions\/1681"}],"wp:attachment":[{"href":"https:\/\/infolabrador.net\/en\/wp-json\/wp\/v2\/media?parent=41"}],"wp:term":[{"taxonomy":"category","embeddable":true,"href":"https:\/\/infolabrador.net\/en\/wp-json\/wp\/v2\/categories?post=41"},{"taxonomy":"post_tag","embeddable":true,"href":"https:\/\/infolabrador.net\/en\/wp-json\/wp\/v2\/tags?post=41"}],"curies":[{"name":"wp","href":"https:\/\/api.w.org\/{rel}","templated":true}]}}