{"id":46,"date":"2017-07-01T15:39:59","date_gmt":"2017-07-01T15:39:59","guid":{"rendered":"http:\/\/infolabrador.net\/?p=46"},"modified":"2021-10-31T16:16:16","modified_gmt":"2021-10-31T16:16:16","slug":"labrador-giallo","status":"publish","type":"post","link":"https:\/\/infolabrador.net\/en\/labrador-giallo\/","title":{"rendered":"Labrador giallo"},"content":{"rendered":"<div class=\"fcbkbttn_buttons_block\" id=\"fcbkbttn_left\"><div class=\"fcbkbttn_like\"><fb:like href=\"https:\/\/infolabrador.net\/en\/labrador-giallo\/\" action=\"like\" colorscheme=\"light\" layout=\"button_count\"  size=\"small\"><\/fb:like><\/div><\/div><div style='text-align:left' class='yasr-auto-insert-overall'><\/div><p>Anche detto labrador miele, labrador biondo o labrador beige.<\/p>\n<h2>LA STORIA DEL LABRADOR GIALLO<\/h2>\n<p>Il\u00a0<strong>labrador giallo<\/strong>\u00a0\u00e8 forse il pi\u00f9 conosciuto dei tre colori di questa razza e la popolarit\u00e0 maturata soprattutto negli ultimi decenni, ha accresciuto la credenza popolare che il labrador biondo sia il\u00a0<strong>progenitore della razza<\/strong>\u00a0labrador retriever.<\/p>\n<p>Non \u00e8 cos\u00ec, infatti la storia del labrador vede come primo cane capostipite della razza,\u00a0<strong>Buccleuch Avon<\/strong>, di colore nero che \u00e8 il primo esemplare di Labrador conosciuto nato nel 1885 selezionato dal nobile inglese Conte di Malmesbury.<\/p>\n<p><a href=\"https:\/\/i0.wp.com\/infolabrador.net\/wp-content\/uploads\/2017\/07\/images-1.jpg\"><img data-recalc-dims=\"1\" loading=\"lazy\" decoding=\"async\" class=\"alignnone wp-image-63 size-medium\" src=\"https:\/\/i0.wp.com\/infolabrador.net\/wp-content\/uploads\/2017\/07\/images-1.jpg?resize=300%2C150&#038;ssl=1\" alt=\"il labrador giallo fondatore della razza\" width=\"300\" height=\"150\" data-id=\"63\" srcset=\"https:\/\/i0.wp.com\/infolabrador.net\/wp-content\/uploads\/2017\/07\/images-1.jpg?resize=300%2C150&amp;ssl=1 300w, https:\/\/i0.wp.com\/infolabrador.net\/wp-content\/uploads\/2017\/07\/images-1.jpg?w=318&amp;ssl=1 318w\" sizes=\"auto, (max-width: 300px) 100vw, 300px\" \/><\/a><\/p>\n<p>Solo dopo quattro anni dopo la nascita di Buccleuch Avon, di colore nero, nacque il primo labrador giallo,\u00a0<strong>Ben of Hyde\u00a0<\/strong>(Foto sopra); tra l\u2019altro questo primo labrador giallo aveva un mantello fulvo, pi\u00f9 scuro del beige pi\u00f9 \u201cmoderno\u201d che siamo abituati ad associare all\u2019idea di labrador giallo.<\/p>\n<p>La diffusione del labrador dal manto biondo divenne per\u00f2 importante solo dopo il 1920. L\u2019allevamento di labrador marrone o \u201cchocolate\u201d ebbe inizio invece successivamente, dopo il 1930.<\/p>\n<h3>Il labrador giallo nella storia della razza \u00e8 nato successivamente al labrador nero, quindi arriva secondo come tempistica!<\/h3>\n<p>La popolarit\u00e0 del labrador giallo (per questo sicuramente primo!) \u00e8 divenuta ancor pi\u00f9 importante negli anni \u201890 a seguito del\u00a0<strong>carosello pubblicitario della Scottex<\/strong>, che con quel cucciolo biricchino (il famoso labrador di color miele) che correva per casa con il rotolo in bocca, ha fatto innamorare tutti di questa razza (e come resistere?).<\/p>\n<figure id=\"attachment_1469\" class=\"thumbnail wp-caption alignnone\" style=\"width: 300px\"><a href=\"https:\/\/i0.wp.com\/infolabrador.net\/wp-content\/uploads\/2017\/07\/scottex2.jpg?ssl=1\"><img data-recalc-dims=\"1\" loading=\"lazy\" decoding=\"async\" class=\"wp-image-1469 size-medium\" src=\"https:\/\/i0.wp.com\/infolabrador.net\/wp-content\/uploads\/2017\/07\/scottex2.jpg?resize=300%2C194&#038;ssl=1\" alt=\"\" width=\"300\" height=\"194\" data-id=\"1469\" srcset=\"https:\/\/i0.wp.com\/infolabrador.net\/wp-content\/uploads\/2017\/07\/scottex2.jpg?resize=300%2C194&amp;ssl=1 300w, https:\/\/i0.wp.com\/infolabrador.net\/wp-content\/uploads\/2017\/07\/scottex2.jpg?resize=18%2C12&amp;ssl=1 18w, https:\/\/i0.wp.com\/infolabrador.net\/wp-content\/uploads\/2017\/07\/scottex2.jpg?w=740&amp;ssl=1 740w\" sizes=\"auto, (max-width: 300px) 100vw, 300px\" \/><\/a><figcaption class=\"caption wp-caption-text\">labrador scottex<\/figcaption><\/figure>\n<h4>Un cucciolo di labrador biondo \u00e8 davvero quanto di pi\u00f9 bello si possa immaginare!<\/h4>\n<p>Negli ultimi anni un altro fenomeno importante ha visto protagonista il labrador biondo\u00a0 nel\u00a0<strong>film \u201c<a href=\"https:\/\/web.archive.org\/web\/20140602103224\/http:\/\/www.youtube.com\/watch?v=UKQQNLf2aP0\" target=\"_blank\" rel=\"noopener noreferrer\">Io e Marley<\/a>\u201d<\/strong>\u00a0del 2008 diretto da David Frankel, basato sull\u2019omonimo romanzo autobiografico di John Grogan, e interpretato da Owen Wilson e Jennifer Aniston: un vero strappalacrime!<\/p>\n<h4>DIVERSE TONALIT\u00e0 DI GIALLO<\/h4>\n<h4>Labrador miele, labrador bianco, labrador fulvo\u2026 chi sono questi sconosciuti?<\/h4>\n<p>Va anche detto che ultimamente si sente parlare molto di labrador miele, ma altro non \u00e8 che il labrador giallo di cui stiamo parlando!<\/p>\n<p>Inoltre nella selezione diversi allevamenti hanno selezionato diverse tonalit\u00e0 del giallo che vanno appunto dal rosso fulvo del red fox, al crema chiaro, fino al labrador bianco (va detto che una tonalit\u00e0 troppo chiara, il bianco albino \u00e8 penalizzato dallo standard). La difficolt\u00e0 nella selezione delle diverse tonalit\u00e0 di colore \u00e8 avere soggetti che presentino in modo omogeneo il colore senza evidenza di chiazze.<\/p>\n<h3>Altre caratteristiche del labrador<\/h3>\n<p>La selezione dell\u2019omogeneit\u00e0 di colore \u00e8 meno importante di altri fattori quali la sostanza, buon carattere, o un\u2019attaccatura della coda in linea con il dorso. Trovare un labrador giallo in perfetta rispondenza dello standard e con un mantello omogeneo nel colore \u00e8 spesso quindi anche questione di molta fortuna!<\/p>\n<p>A fronte della popolarit\u00e0 del labrador e non solo di color miele \u00e8 importante a questo punto da parte degli allevatori, da un lato perseguire una necessaria\u00a0<a href=\"https:\/\/labradorstalloni.com\/2014\/08\/21\/stallone-labrador-per-migliorare-razza\/\" target=\"_blank\" rel=\"noopener noreferrer\">selezione dei riproduttori<\/a>\u00a0da utilizzare nel proprio programma di allevamento e dall\u2019altro della scelta dei nuovi proprietari che dovranno essere seguiti e condotti verso ad una\u00a0<strong>adozione responsabile e consapevole\u00a0<\/strong>del cucciolo (il labrador \u00e8 pur sempre un cane di taglia medio grande, con tante energie da spendere!).<\/p>\n<h3>Conclusioni per questo articolo sul labrador di colore giallo<\/h3>\n<p>Concludiamo annoverando alcuni tra i\u00a0<strong>labrador biondi pi\u00f9 famosi<\/strong>\u00a0che meritano di essere ricordati:<\/p>\n<p>&#8211;\u00a0\u00a0\u00a0\u00a0\u00a0\u00a0\u00a0\u00a0\u00a0 MULTI CH. BIGGAS YNGA<\/p>\n<p>&#8211;\u00a0\u00a0\u00a0\u00a0\u00a0\u00a0\u00a0\u00a0\u00a0 Ch Lenches Teddy Bear<\/p>\n<p>&#8211;\u00a0\u00a0\u00a0\u00a0\u00a0\u00a0\u00a0\u00a0\u00a0 Mailiksen Gentleman<\/p>\n<p>&#8211;\u00a0\u00a0\u00a0\u00a0\u00a0\u00a0\u00a0\u00a0\u00a0 Sh Ch Sandylands Gad-Abou<\/p>\n<p>&#8211;\u00a0\u00a0\u00a0\u00a0\u00a0\u00a0\u00a0\u00a0\u00a0 Per le imprese di salvataggio in mare ricordiamo anche Ariel il labrador biondo regalato da Francesco Totti alla scuola italiana di salvataggio che \u201cpresta servizio\u201d nella spiaggia di Sant\u2019Agostino.<\/p>\n<p>Senza trascurare il fatto che per ogni proprietario il proprio labrador \u00e8 senza obmra di dubbio il migliore in assoluto.<\/p>\n<div tabindex=\"0\" class=\"cycloneslider cycloneslider-template-standard cycloneslider-width-responsive\" id=\"cycloneslider-158-1\" style=\"max-width:960px\" > <div class=\"cycloneslider-slides cycle-slideshow\" data-cycle-allow-wrap=\"true\" data-cycle-dynamic-height=\"off\" data-cycle-auto-height=\"960:600\" data-cycle-auto-height-easing=\"null\" data-cycle-auto-height-speed=\"250\" data-cycle-delay=\"0\" data-cycle-easing=\"\" data-cycle-fx=\"fade\" data-cycle-hide-non-active=\"true\" data-cycle-log=\"false\" data-cycle-next=\"#cycloneslider-158-1 .cycloneslider-next\" data-cycle-pager=\"#cycloneslider-158-1 .cycloneslider-pager\" data-cycle-pause-on-hover=\"true\" data-cycle-prev=\"#cycloneslider-158-1 .cycloneslider-prev\" data-cycle-slides=\"&gt; div\" data-cycle-speed=\"1000\" data-cycle-swipe=\"false\" data-cycle-tile-count=\"7\" data-cycle-tile-delay=\"100\" data-cycle-tile-vertical=\"true\" data-cycle-timeout=\"4000\" > <div class=\"cycloneslider-slide cycloneslider-slide-image\" > <a class=\"cycloneslider-caption-more\" target=\"_blank\" href=\"https:\/\/uomocane.com\/product\/corso-uomo-cane\/\" rel=\"noopener\"> <img decoding=\"async\" src=\"https:\/\/i0.wp.com\/infolabrador.net\/wp-content\/uploads\/2020\/09\/corso_uomo-cane-960x600.jpg\" alt=\"\" title=\"\" \/> <\/a> <div class=\"cycloneslider-caption\"> <div class=\"cycloneslider-caption-title\">CORSO UOMO CANE<\/div> <div class=\"cycloneslider-caption-description\">ADATTO A PROFESSIONISTI CINOFILI E STUDENTI CHE VOGLIONO IMPARARE IN UN NUOVO MODO E AVERE GLI STRUMENTI PER CREARSI UN PROPRIO STILE PERSONALE\nADATTO AI COACH CHE SENTONO IL BISOGNO DI APRIRSI A NUOVI PUNTI DI VISTA, AD UNA NUOVA VISIONE DEL MONDO, PER METTERE NELLA CASSETTA DEGLI ATTREZZI NUOVI ESEMPI, METAFORE E NARRAZIONI<\/div> <\/div> <\/div> <div class=\"cycloneslider-slide cycloneslider-slide-image\" > <a class=\"cycloneslider-caption-more\" target=\"_blank\" href=\"https:\/\/uomocane.com\/product\/bignamino-uomo-cane\/\" rel=\"noopener\"> <img decoding=\"async\" src=\"https:\/\/i0.wp.com\/infolabrador.net\/wp-content\/uploads\/2020\/09\/bignamino-uc-960x600.jpg\" alt=\"\" title=\"\" \/> <\/a> <div class=\"cycloneslider-caption\"> <div class=\"cycloneslider-caption-title\">BIGNAMINO UOMO CANE<\/div> <div class=\"cycloneslider-caption-description\">BIGNAMINO UOMO CANE: CONTIENE TUTTE LE TEMATICHE TRATTATE IN MODO RIDOTTO, PENSATO PER CHI VUOLE INIZIARE AD APPROCCIARSI AL MONDO UOMO CANE E VALUTARE SUCCESSIVAMENTE IL CORSO COMPLETO\nA CORSO ULTIMATO SI OTTERR\u00e0 UNA VISIONE A 360 GRADI DEL MONDO CINOFILO E NUOVI STRUMENTI PRATICI PER VIVERE MEGLIO E RIDURRE I CONFLITTI E L\u2019INSODDISFAZIONE<\/div> <\/div> <\/div> <div class=\"cycloneslider-slide cycloneslider-slide-image\" > <a class=\"cycloneslider-caption-more\" target=\"_blank\" href=\"https:\/\/uomocane.com\/product\/bigino-uomo-cane-junior\/\" rel=\"noopener\"> <img decoding=\"async\" src=\"https:\/\/i0.wp.com\/infolabrador.net\/wp-content\/uploads\/2020\/09\/bignamino_uomo-cane_junior-960x600.jpg\" alt=\"\" title=\"\" \/> <\/a> <div class=\"cycloneslider-caption\"> <div class=\"cycloneslider-caption-title\">BIGNAMINO UOMO CANE JUNIOR<\/div> <div class=\"cycloneslider-caption-description\">Pensato per i pi\u00f9 piccoli<\/div> <\/div> <\/div> <div class=\"cycloneslider-slide cycloneslider-slide-image\" > <a class=\"cycloneslider-caption-more\" target=\"_blank\" href=\"https:\/\/labradordellaspippola.it\/cucciolate\/cuccioli-di-labrador-nero\/\" rel=\"noopener\"> <img decoding=\"async\" src=\"https:\/\/i0.wp.com\/infolabrador.net\/wp-content\/uploads\/2022\/11\/cucciolata-all-black-1-960x600.webp\" alt=\"cuccili di labrador nero\" title=\"\" \/> <\/a> <div class=\"cycloneslider-caption\"> <div class=\"cycloneslider-caption-title\">Cuccioli di labrador neri<\/div> <div class=\"cycloneslider-caption-description\"><\/div> <\/div> <\/div> <\/div> <div class=\"cycloneslider-pager\"><\/div> <a href=\"#\" class=\"cycloneslider-prev\"> <span class=\"arrow\"><\/span> <\/a> <a href=\"#\" class=\"cycloneslider-next\"> <span class=\"arrow\"><\/span> <\/a> <\/div>","protected":false},"excerpt":{"rendered":"<p>Anche detto labrador miele, labrador biondo o labrador beige. LA STORIA DEL LABRADOR GIALLO Il\u00a0labrador giallo\u00a0\u00e8 forse il pi\u00f9 conosciuto dei tre colori di questa razza e la popolarit\u00e0 maturata soprattutto negli ultimi decenni, ha accresciuto la credenza popolare che &hellip; <a class=\"kt-excerpt-readmore\" href=\"https:\/\/infolabrador.net\/en\/labrador-giallo\/\" aria-label=\"Labrador giallo\">Read More<\/a><\/p>","protected":false},"author":1,"featured_media":259,"comment_status":"closed","ping_status":"open","sticky":false,"template":"","format":"standard","meta":{"kt_blocks_editor_width":"","_kad_blocks_custom_css":"","_kad_blocks_head_custom_js":"","_kad_blocks_body_custom_js":"","_kad_blocks_footer_custom_js":"","yasr_overall_rating":5,"yasr_post_is_review":"","yasr_auto_insert_disabled":"","yasr_review_type":"","_jetpack_memberships_contains_paid_content":false,"footnotes":""},"categories":[4],"tags":[47,44,46,45],"class_list":["post-46","post","type-post","status-publish","format-standard","has-post-thumbnail","hentry","category-caratteristiche","tag-labrador-beige","tag-labrador-giallo","tag-labrador-miele","tag-labrador-retriever-giallo"],"yasr_visitor_votes":{"stars_attributes":{"read_only":false,"span_bottom":false},"number_of_votes":0,"sum_votes":0},"taxonomy_info":{"category":[{"value":4,"label":"caratteristiche dei retriever"}],"post_tag":[{"value":47,"label":"labrador beige"},{"value":44,"label":"labrador giallo"},{"value":46,"label":"labrador miele"},{"value":45,"label":"labrador retriever giallo"}]},"featured_image_src_large":["https:\/\/i0.wp.com\/infolabrador.net\/wp-content\/uploads\/2017\/10\/IMG_20171001_092859.jpg?fit=1024%2C768&ssl=1",1024,768,true],"author_info":{"display_name":"admin","author_link":"https:\/\/infolabrador.net\/en\/author\/admin\/"},"comment_info":0,"category_info":[{"term_id":4,"name":"caratteristiche dei retriever","slug":"caratteristiche","term_group":0,"term_taxonomy_id":4,"taxonomy":"category","description":"","parent":0,"count":11,"filter":"raw","cat_ID":4,"category_count":11,"category_description":"","cat_name":"caratteristiche dei retriever","category_nicename":"caratteristiche","category_parent":0}],"tag_info":[{"term_id":47,"name":"labrador beige","slug":"labrador-beige","term_group":0,"term_taxonomy_id":47,"taxonomy":"post_tag","description":"","parent":0,"count":1,"filter":"raw"},{"term_id":44,"name":"labrador giallo","slug":"labrador-giallo","term_group":0,"term_taxonomy_id":44,"taxonomy":"post_tag","description":"","parent":0,"count":1,"filter":"raw"},{"term_id":46,"name":"labrador miele","slug":"labrador-miele","term_group":0,"term_taxonomy_id":46,"taxonomy":"post_tag","description":"","parent":0,"count":1,"filter":"raw"},{"term_id":45,"name":"labrador retriever giallo","slug":"labrador-retriever-giallo","term_group":0,"term_taxonomy_id":45,"taxonomy":"post_tag","description":"","parent":0,"count":1,"filter":"raw"}],"jetpack_featured_media_url":"https:\/\/i0.wp.com\/infolabrador.net\/wp-content\/uploads\/2017\/10\/IMG_20171001_092859.jpg?fit=1265%2C949&ssl=1","jetpack_sharing_enabled":true,"_links":{"self":[{"href":"https:\/\/infolabrador.net\/en\/wp-json\/wp\/v2\/posts\/46","targetHints":{"allow":["GET"]}}],"collection":[{"href":"https:\/\/infolabrador.net\/en\/wp-json\/wp\/v2\/posts"}],"about":[{"href":"https:\/\/infolabrador.net\/en\/wp-json\/wp\/v2\/types\/post"}],"author":[{"embeddable":true,"href":"https:\/\/infolabrador.net\/en\/wp-json\/wp\/v2\/users\/1"}],"replies":[{"embeddable":true,"href":"https:\/\/infolabrador.net\/en\/wp-json\/wp\/v2\/comments?post=46"}],"version-history":[{"count":5,"href":"https:\/\/infolabrador.net\/en\/wp-json\/wp\/v2\/posts\/46\/revisions"}],"predecessor-version":[{"id":1475,"href":"https:\/\/infolabrador.net\/en\/wp-json\/wp\/v2\/posts\/46\/revisions\/1475"}],"wp:featuredmedia":[{"embeddable":true,"href":"https:\/\/infolabrador.net\/en\/wp-json\/wp\/v2\/media\/259"}],"wp:attachment":[{"href":"https:\/\/infolabrador.net\/en\/wp-json\/wp\/v2\/media?parent=46"}],"wp:term":[{"taxonomy":"category","embeddable":true,"href":"https:\/\/infolabrador.net\/en\/wp-json\/wp\/v2\/categories?post=46"},{"taxonomy":"post_tag","embeddable":true,"href":"https:\/\/infolabrador.net\/en\/wp-json\/wp\/v2\/tags?post=46"}],"curies":[{"name":"wp","href":"https:\/\/api.w.org\/{rel}","templated":true}]}}