{"id":50,"date":"2017-07-01T15:44:06","date_gmt":"2017-07-01T15:44:06","guid":{"rendered":"http:\/\/infolabrador.net\/?p=50"},"modified":"2021-10-29T06:40:29","modified_gmt":"2021-10-29T06:40:29","slug":"labrador-nero-cane-antonomasia","status":"publish","type":"post","link":"https:\/\/infolabrador.net\/en\/labrador-nero-cane-antonomasia\/","title":{"rendered":"Il Labrador nero, il cane per antonomasia"},"content":{"rendered":"<div class=\"fcbkbttn_buttons_block\" id=\"fcbkbttn_left\"><div class=\"fcbkbttn_like\"><fb:like href=\"https:\/\/infolabrador.net\/en\/labrador-nero-cane-antonomasia\/\" action=\"like\" colorscheme=\"light\" layout=\"button_count\"  size=\"small\"><\/fb:like><\/div><\/div><div style='text-align:left' class='yasr-auto-insert-overall'><\/div><h2 class=\"wp-block-heading\">Il labrador retriever nero: le origini<\/h2><p>Anche se per molti non sar\u00e0 il pi\u00f9 popolare dei tre colori, il primo labrador&nbsp; originario e fondatore di questa splendida razza \u00e8 stato di colore nero. Il labrador agli albori della razza, quindi nel colore nero fu infatti allevato e selezionato da alcuni nobili inglesi. Tra questi nobili inglesi ricordiamo  il Conte di Malmesbury, al quale si deve la nascita, nel 1885, di Buccleuch Avon, il primo esemplare della razza!<\/p><figure class=\"wp-block-image\"><img data-recalc-dims=\"1\" loading=\"lazy\" decoding=\"async\" width=\"220\" height=\"153\" src=\"https:\/\/i0.wp.com\/infolabrador.net\/wp-content\/uploads\/2017\/07\/Buccleuch_Avon_1885.jpg?resize=220%2C153&#038;ssl=1\" alt=\"Labrador Buccleuch avon nero\" class=\"wp-image-794\"\/><\/figure><p><strong>Buccleuch Avon&nbsp;<\/strong>(foto sopra), quindi il primo labrador nero <a aria-label=\"famoso (opens in a new tab)\" class=\"rank-math-link\" href=\"https:\/\/infolabrador.net\/en\/labrador-famosi\/\" target=\"_blank\" rel=\"noreferrer noopener\">famoso<\/a>, \u00e8 stato un diretto discendente del Cane di St. John anch\u2019esso di colore nero. Il labrador quindi fu selezionato da incroci tra una razza autoctona, allevata dai pescatori inglesi sull\u2019isola di Terranova e i cani da caccia successivamente importati dall\u2019Inghilterra.<\/p><h3 class=\"wp-block-heading\">Breve report storico: il labrador nero, da cacciatore in Inghilterra a cane di casa<\/h3><p>Il&nbsp;<strong>labrador <\/strong>nero all&#8217;inizio del 1800, fu importato&nbsp;<strong>in Inghilterra a bordo di navi<\/strong>&nbsp;provenienti dalla penisola del <a rel=\"noreferrer noopener\" href=\"https:\/\/infolabrador.net\/en\/curiosita\/la-storia-del-labrador-retriever\/\" target=\"_blank\">Labrador come racconta la storia di questo cane.<\/a><\/p><p>Fin nelle sue origini il labrador fu un cane eccezionale per le&nbsp;<strong>doti di cane da caccia e da riporto<\/strong>. <\/p><p>Si diffuse quindi subito tantissimo in Inghilterra, tanto da essere allevato anche dal re Giorgio VI, sempre nel colore originario: il nero!<\/p><p>Oggi i Labrador a fronte di questo successo sono tra i cani pi\u00f9 diffusi al mondo.<\/p><p>In particolare in Inghilterra, nell\u2019Europa occidentale e negli Stati Uniti, il colore nero rimane sempre a nostro avviso il pi\u00f9 affascinante, anche se la popolarit\u00e0 del biondo \u00e8 attualmente di gran lunga il colore maggiormente rappresentato.<\/p><h3 class=\"wp-block-heading\">I labrador neri famosi e popolari<\/h3><p>Alcuni tra i&nbsp;<strong>labrador neri pi\u00f9 famosi<\/strong>&nbsp;e che meritano di essere ricordati, suggeriamo:<\/p><ul class=\"wp-block-list\"><li><a rel=\"noreferrer noopener\" href=\"http:\/\/www.pedigreedatabase.com\/labrador_retriever\/dog.html?id=1384495-kupros-master-mariner\" target=\"_blank\">Kupros Master Mariner<\/a>, labrador che \u00e8 alla base di qualsiasi pedigree di labrador moderni;<\/li><li>Buccleuch_Avon il primo labrador nero conosciuto<\/li><li>Dickendall Arnold, labrador di colore nero del tipo americano che ci piace, \u00e8 in molti pedigree anche Finlandesi;<\/li><li>Ch Tweedledum Crispy Duck;<\/li><li>Eng Ch Sandylands My Guy,<\/li><li>Ch Guidelines Master Card,<\/li><li>per popolarit\u00e0 certa ricordiamo anche Koni, il cui nome completo \u00e8 Connie Paulgrave, conosciuta anche come Connie. Femmina nera di Labrador Retriever di propriet\u00e0 del Presidente della Russia Vladimir Putin. Regalata a Putin nel 2000 dal Generale Sergey Shoygu, \u00e8 spesso ripresa al fianco del Presidente Russo a lui inseparabile.<\/li><\/ul><div tabindex=\"0\" class=\"cycloneslider cycloneslider-template-standard cycloneslider-width-responsive\" id=\"cycloneslider-158-1\" style=\"max-width:960px\" > <div class=\"cycloneslider-slides cycle-slideshow\" data-cycle-allow-wrap=\"true\" data-cycle-dynamic-height=\"off\" data-cycle-auto-height=\"960:600\" data-cycle-auto-height-easing=\"null\" data-cycle-auto-height-speed=\"250\" data-cycle-delay=\"0\" data-cycle-easing=\"\" data-cycle-fx=\"fade\" data-cycle-hide-non-active=\"true\" data-cycle-log=\"false\" data-cycle-next=\"#cycloneslider-158-1 .cycloneslider-next\" data-cycle-pager=\"#cycloneslider-158-1 .cycloneslider-pager\" data-cycle-pause-on-hover=\"true\" data-cycle-prev=\"#cycloneslider-158-1 .cycloneslider-prev\" data-cycle-slides=\"&gt; div\" data-cycle-speed=\"1000\" data-cycle-swipe=\"false\" data-cycle-tile-count=\"7\" data-cycle-tile-delay=\"100\" data-cycle-tile-vertical=\"true\" data-cycle-timeout=\"4000\" > <div class=\"cycloneslider-slide cycloneslider-slide-image\" > <a class=\"cycloneslider-caption-more\" target=\"_blank\" href=\"https:\/\/uomocane.com\/product\/corso-uomo-cane\/\" rel=\"noopener\"> <img decoding=\"async\" src=\"https:\/\/i0.wp.com\/infolabrador.net\/wp-content\/uploads\/2020\/09\/corso_uomo-cane-960x600.jpg\" alt=\"\" title=\"\" \/> <\/a> <div class=\"cycloneslider-caption\"> <div class=\"cycloneslider-caption-title\">CORSO UOMO CANE<\/div> <div class=\"cycloneslider-caption-description\">ADATTO A PROFESSIONISTI CINOFILI E STUDENTI CHE VOGLIONO IMPARARE IN UN NUOVO MODO E AVERE GLI STRUMENTI PER CREARSI UN PROPRIO STILE PERSONALE\nADATTO AI COACH CHE SENTONO IL BISOGNO DI APRIRSI A NUOVI PUNTI DI VISTA, AD UNA NUOVA VISIONE DEL MONDO, PER METTERE NELLA CASSETTA DEGLI ATTREZZI NUOVI ESEMPI, METAFORE E NARRAZIONI<\/div> <\/div> <\/div> <div class=\"cycloneslider-slide cycloneslider-slide-image\" > <a class=\"cycloneslider-caption-more\" target=\"_blank\" href=\"https:\/\/uomocane.com\/product\/bignamino-uomo-cane\/\" rel=\"noopener\"> <img decoding=\"async\" src=\"https:\/\/i0.wp.com\/infolabrador.net\/wp-content\/uploads\/2020\/09\/bignamino-uc-960x600.jpg\" alt=\"\" title=\"\" \/> <\/a> <div class=\"cycloneslider-caption\"> <div class=\"cycloneslider-caption-title\">BIGNAMINO UOMO CANE<\/div> <div class=\"cycloneslider-caption-description\">BIGNAMINO UOMO CANE: CONTIENE TUTTE LE TEMATICHE TRATTATE IN MODO RIDOTTO, PENSATO PER CHI VUOLE INIZIARE AD APPROCCIARSI AL MONDO UOMO CANE E VALUTARE SUCCESSIVAMENTE IL CORSO COMPLETO\nA CORSO ULTIMATO SI OTTERR\u00e0 UNA VISIONE A 360 GRADI DEL MONDO CINOFILO E NUOVI STRUMENTI PRATICI PER VIVERE MEGLIO E RIDURRE I CONFLITTI E L\u2019INSODDISFAZIONE<\/div> <\/div> <\/div> <div class=\"cycloneslider-slide cycloneslider-slide-image\" > <a class=\"cycloneslider-caption-more\" target=\"_blank\" href=\"https:\/\/uomocane.com\/product\/bigino-uomo-cane-junior\/\" rel=\"noopener\"> <img decoding=\"async\" src=\"https:\/\/i0.wp.com\/infolabrador.net\/wp-content\/uploads\/2020\/09\/bignamino_uomo-cane_junior-960x600.jpg\" alt=\"\" title=\"\" \/> <\/a> <div class=\"cycloneslider-caption\"> <div class=\"cycloneslider-caption-title\">BIGNAMINO UOMO CANE JUNIOR<\/div> <div class=\"cycloneslider-caption-description\">Pensato per i pi\u00f9 piccoli<\/div> <\/div> <\/div> <div class=\"cycloneslider-slide cycloneslider-slide-image\" > <a class=\"cycloneslider-caption-more\" target=\"_blank\" href=\"https:\/\/labradordellaspippola.it\/cucciolate\/cuccioli-di-labrador-nero\/\" rel=\"noopener\"> <img decoding=\"async\" src=\"https:\/\/i0.wp.com\/infolabrador.net\/wp-content\/uploads\/2022\/11\/cucciolata-all-black-1-960x600.webp\" alt=\"cuccili di labrador nero\" title=\"\" \/> <\/a> <div class=\"cycloneslider-caption\"> <div class=\"cycloneslider-caption-title\">Cuccioli di labrador neri<\/div> <div class=\"cycloneslider-caption-description\"><\/div> <\/div> <\/div> <\/div> <div class=\"cycloneslider-pager\"><\/div> <a href=\"#\" class=\"cycloneslider-prev\"> <span class=\"arrow\"><\/span> <\/a> <a href=\"#\" class=\"cycloneslider-next\"> <span class=\"arrow\"><\/span> <\/a> <\/div>","protected":false},"excerpt":{"rendered":"<p>Il labrador retriever nero: le origini Anche se per molti non sar\u00e0 il pi\u00f9 popolare dei tre colori, il primo labrador&nbsp; originario e fondatore di questa splendida razza \u00e8 stato di colore nero. Il labrador agli albori della razza, quindi &hellip; <a class=\"kt-excerpt-readmore\" href=\"https:\/\/infolabrador.net\/en\/labrador-nero-cane-antonomasia\/\" aria-label=\"Il Labrador nero, il cane per antonomasia\">Read More<\/a><\/p>","protected":false},"author":1,"featured_media":61,"comment_status":"closed","ping_status":"open","sticky":false,"template":"","format":"standard","meta":{"kt_blocks_editor_width":"","_kad_blocks_custom_css":"","_kad_blocks_head_custom_js":"","_kad_blocks_body_custom_js":"","_kad_blocks_footer_custom_js":"","yasr_overall_rating":5,"yasr_post_is_review":"","yasr_auto_insert_disabled":"","yasr_review_type":"","_jetpack_memberships_contains_paid_content":false,"footnotes":""},"categories":[4],"tags":[38,40,39],"class_list":["post-50","post","type-post","status-publish","format-standard","has-post-thumbnail","hentry","category-caratteristiche","tag-labrador-nero","tag-labrador-retriever","tag-labrador-retriever-nero"],"yasr_visitor_votes":{"stars_attributes":{"read_only":false,"span_bottom":false},"number_of_votes":0,"sum_votes":0},"taxonomy_info":{"category":[{"value":4,"label":"caratteristiche dei retriever"}],"post_tag":[{"value":38,"label":"labrador nero"},{"value":40,"label":"labrador retriever"},{"value":39,"label":"labrador retriever nero"}]},"featured_image_src_large":["https:\/\/i0.wp.com\/infolabrador.net\/wp-content\/uploads\/2017\/07\/images.jpg?fit=129%2C90&ssl=1",129,90,true],"author_info":{"display_name":"admin","author_link":"https:\/\/infolabrador.net\/en\/author\/admin\/"},"comment_info":0,"category_info":[{"term_id":4,"name":"caratteristiche dei retriever","slug":"caratteristiche","term_group":0,"term_taxonomy_id":4,"taxonomy":"category","description":"","parent":0,"count":11,"filter":"raw","cat_ID":4,"category_count":11,"category_description":"","cat_name":"caratteristiche dei retriever","category_nicename":"caratteristiche","category_parent":0}],"tag_info":[{"term_id":38,"name":"labrador nero","slug":"labrador-nero","term_group":0,"term_taxonomy_id":38,"taxonomy":"post_tag","description":"","parent":0,"count":1,"filter":"raw"},{"term_id":40,"name":"labrador retriever","slug":"labrador-retriever","term_group":0,"term_taxonomy_id":40,"taxonomy":"post_tag","description":"","parent":0,"count":1,"filter":"raw"},{"term_id":39,"name":"labrador retriever nero","slug":"labrador-retriever-nero","term_group":0,"term_taxonomy_id":39,"taxonomy":"post_tag","description":"","parent":0,"count":1,"filter":"raw"}],"jetpack_featured_media_url":"https:\/\/i0.wp.com\/infolabrador.net\/wp-content\/uploads\/2017\/07\/images.jpg?fit=129%2C90&ssl=1","jetpack_sharing_enabled":true,"_links":{"self":[{"href":"https:\/\/infolabrador.net\/en\/wp-json\/wp\/v2\/posts\/50","targetHints":{"allow":["GET"]}}],"collection":[{"href":"https:\/\/infolabrador.net\/en\/wp-json\/wp\/v2\/posts"}],"about":[{"href":"https:\/\/infolabrador.net\/en\/wp-json\/wp\/v2\/types\/post"}],"author":[{"embeddable":true,"href":"https:\/\/infolabrador.net\/en\/wp-json\/wp\/v2\/users\/1"}],"replies":[{"embeddable":true,"href":"https:\/\/infolabrador.net\/en\/wp-json\/wp\/v2\/comments?post=50"}],"version-history":[{"count":4,"href":"https:\/\/infolabrador.net\/en\/wp-json\/wp\/v2\/posts\/50\/revisions"}],"predecessor-version":[{"id":1356,"href":"https:\/\/infolabrador.net\/en\/wp-json\/wp\/v2\/posts\/50\/revisions\/1356"}],"wp:featuredmedia":[{"embeddable":true,"href":"https:\/\/infolabrador.net\/en\/wp-json\/wp\/v2\/media\/61"}],"wp:attachment":[{"href":"https:\/\/infolabrador.net\/en\/wp-json\/wp\/v2\/media?parent=50"}],"wp:term":[{"taxonomy":"category","embeddable":true,"href":"https:\/\/infolabrador.net\/en\/wp-json\/wp\/v2\/categories?post=50"},{"taxonomy":"post_tag","embeddable":true,"href":"https:\/\/infolabrador.net\/en\/wp-json\/wp\/v2\/tags?post=50"}],"curies":[{"name":"wp","href":"https:\/\/api.w.org\/{rel}","templated":true}]}}