{"id":52,"date":"2017-07-01T15:45:41","date_gmt":"2017-07-01T15:45:41","guid":{"rendered":"http:\/\/infolabrador.net\/?p=52"},"modified":"2021-10-31T15:56:10","modified_gmt":"2021-10-31T15:56:10","slug":"la-storia-del-labrador-retriever","status":"publish","type":"post","link":"https:\/\/infolabrador.net\/en\/la-storia-del-labrador-retriever\/","title":{"rendered":"La storia del labrador retriever"},"content":{"rendered":"<div class=\"fcbkbttn_buttons_block\" id=\"fcbkbttn_left\"><div class=\"fcbkbttn_like\"><fb:like href=\"https:\/\/infolabrador.net\/en\/la-storia-del-labrador-retriever\/\" action=\"like\" colorscheme=\"light\" layout=\"button_count\"  size=\"small\"><\/fb:like><\/div><\/div><div style='text-align:left' class='yasr-auto-insert-overall'><\/div><h3 class=\"wp-block-heading\">La storia del Labrador retriever<\/h3><p>Non vi \u00e8 certezza sulle origini del Labrador retriever, ma per la maggior parte degli esperti e studiosi della razza \u00e8 opinione diffusa che vi siano antenati comuni con il pi\u00f9 massiccio Terranova: l\u2019ipotesi pi\u00f9 accreditata vede nel piccolo cane di St.John il parente comune pi\u00f9 plausibile.<br>Le prime selezioni sarebbero avvenute tra la met\u00e0 dell\u2019800 nella penisola di Terranova.<br>Ma vediamo come.<\/p><p>Nella storia del labrador le prime selezioni hanno avuto certamente delle motivazioni pi\u00f9 dettate dall\u2019utilit\u00e0 che dalla ricerca di una determinata morfologia o bellezza, essendo attuate dai pescatori per le varie funzioni connesse al riporto: in primis il recupero del pesce sfuggito, quindi dare una mano per tirare le reti, o aiutare ad alare le barche. Ultimamente invece non si tiene molto conto di questa caratteristica, quantomeno per la linea da bellezza.<\/p><p>I pescherecci andavano dalle coste del Canada alle coste britanniche e viceversa, ed insieme ai marinai \u00e8 verosimile che viaggiassero anche i cani di pura razza canadese, o forse incrociati con cani altri di origine Europea, gi\u00e0 al seguito dei naviganti.<\/p><div class=\"feature-box feature-box-3 feature-box-3-blue feature-box-align-center\">\n<div class=\"feature-box-content cf\">\n<p>In ogni caso, la fama di gran riportatori di pesce di questi primi cani antenati dei Labrador retriever interess\u00f2 dei nobili inglesi, che meditavano di poter selezionare un buon cane da caccia.<\/p>\n<\/div>\n<\/div><p>Caratteristiche vantaggiose che hanno aiutato e favorito la selezione di questi meravigliosi cani sono state le doti di buon carattere che gi\u00e0 allora distinguevano gli antenati di questa razza; queste speciali caratteristiche fecero s\u00ec che si trovassero persone disposte a dedicarsi alla selezione di questa razza in Inghilterra.<\/p><p>Ecco quindi che nonostante la storia del labrador suggerisca origini Extra Europee, \u00e8 a buon diritto considerato razza da caccia inglese.<\/p><p>Nella storia del labrador e per la selezione di questa razza \u00e8 stata determinante la legge sulla quarantena e la legge restrittiva in merito all\u2019allevamento di questi cani nel Terranova.<br>Infatti alla fine dell\u2019800 vi fu l\u2019interruzione del flusso genetico tra gli antenati dei Labrador retriever dalle coste del Canada alle coste britanniche: la storia da questo momento diventa tutta inglese, con l&#8217;impossibilit\u00e0 di attingere al serbatoio genetico canadese.<\/p><figure class=\"wp-block-image size-large\"><img data-recalc-dims=\"1\" loading=\"lazy\" decoding=\"async\" width=\"318\" height=\"159\" src=\"https:\/\/i0.wp.com\/infolabrador.net\/wp-content\/uploads\/2017\/07\/images-1.jpg?resize=318%2C159&#038;ssl=1\" alt=\"labrador giallo nella storia del labrador retriever\" class=\"wp-image-63\" srcset=\"https:\/\/i0.wp.com\/infolabrador.net\/wp-content\/uploads\/2017\/07\/images-1.jpg?w=318&amp;ssl=1 318w, https:\/\/i0.wp.com\/infolabrador.net\/wp-content\/uploads\/2017\/07\/images-1.jpg?resize=300%2C150&amp;ssl=1 300w\" sizes=\"auto, (max-width: 318px) 100vw, 318px\" \/><\/figure><h3 class=\"wp-block-heading\">La storia del labrador retriever: i primi allevatori di questa razza.<\/h3><p>Come abbiamo indicato in altri articoli il primo labrador retriever riconosciuto fu di&nbsp;colore <a href=\"https:\/\/infolabrador.net\/en\/labrador-nero-cane-antonomasia\/\" target=\"_blank\" aria-label=\"nero (opens in a new tab)\" rel=\"noreferrer noopener\" class=\"rank-math-link\">nero<\/a>&nbsp;quindi&nbsp;<a href=\"https:\/\/infolabrador.net\/en\/labrador-giallo\/\" target=\"_blank\" aria-label=\"giallo (opens in a new tab)\" rel=\"noreferrer noopener\" class=\"rank-math-link\">giallo<\/a>&nbsp;e per ultimo (solo temporalmente) il chocolate.<\/p><p>I primi allevatori inglesi nella storia del labrador retriever sono: il Colonnello Peter Hawker, il Nobile Duca di Buccleuch, i Conti Hume e Malmesbury, e Hon. A. Holland-Hibbert.<br>La razza canina Labrador retriever fu pertanto riconosciuta dal Kennel Club inglese nel 1904 e il primo club di razza, il Labrador Retriever Club inglese, \u00e8 stato fondato nel 1916.<\/p><h4 class=\"wp-block-heading\">Il primo standard del labrador e la nascita del Kennel club<\/h4><p>La stesura del primo standard del labrador fu elaborato dal Club di razza ed accettato dal Kennel Club e rimase inalterato fino al 1950. Prima di tale redazione, erano accettati e registrati cani derivanti da incroci fra le varie razze retriever. Se ti \u00e8 piaciuto questo articolo e sei un amante della storia devi leggere questo <a aria-label=\"articolo sull&#039;origine del cane (opens in a new tab)\" class=\"rank-math-link\" href=\"https:\/\/martinoporta.com\/blog\/l-origine-del-cane\/\" target=\"_blank\" rel=\"noreferrer noopener\">articolo sull&#8217;origine del cane<\/a><\/p><p>I labrador amano l\u2019acqua in ogni forma\u2026<\/p><p>La F\u00e9d\u00e9ration Cynologique Internationale (FCI) adotta lo standard inglese, mentre il\u00a0<a rel=\"nofollow noopener noreferrer\" href=\"https:\/\/www.akc.org\/breeds\/labrador_retriever\/index.cfm\" target=\"_blank\">Kennel Club degli stati Uniti d\u2019America (USA)<\/a>\u00a0ne ha redatto uno proprio.<br>In italia i raduni ufficiali ENCI sono organizzati dal\u00a0Retriever Club Italiano, mentre il Labrador retriever Club italiano organizzava annualmente importanti eventi o incontri come il Puppy and veteran show nella tradizione dei pi\u00f9 prestigiosi Club Europei o Americani fino alla sua chiusura avvenuta nel 2018.<\/p><div class=\"feature-box feature-box-8 feature-box-align-center\">\n<h2 class=\"box-title\">NOTA<\/h2>\n<div class=\"feature-box-content cf\">\n<p>Un cane per essere ritenuto, oggi, appartenente alla razza labrador retriever deve essere regolarmente registrato al libro genealogico ed avere quindi il&nbsp;<a href=\"http:\/\/infolabrador.net\/en\/curiosita\/pedigree-fatti-unopinione-personale\/\">Pedigree<\/a>.<\/p>\n<p><\/p><\/div><\/div><div tabindex=\"0\" class=\"cycloneslider cycloneslider-template-standard cycloneslider-width-responsive\" id=\"cycloneslider-158-1\" style=\"max-width:960px\" > <div class=\"cycloneslider-slides cycle-slideshow\" data-cycle-allow-wrap=\"true\" data-cycle-dynamic-height=\"off\" data-cycle-auto-height=\"960:600\" data-cycle-auto-height-easing=\"null\" data-cycle-auto-height-speed=\"250\" data-cycle-delay=\"0\" data-cycle-easing=\"\" data-cycle-fx=\"fade\" data-cycle-hide-non-active=\"true\" data-cycle-log=\"false\" data-cycle-next=\"#cycloneslider-158-1 .cycloneslider-next\" data-cycle-pager=\"#cycloneslider-158-1 .cycloneslider-pager\" data-cycle-pause-on-hover=\"true\" data-cycle-prev=\"#cycloneslider-158-1 .cycloneslider-prev\" data-cycle-slides=\"&gt; div\" data-cycle-speed=\"1000\" data-cycle-swipe=\"false\" data-cycle-tile-count=\"7\" data-cycle-tile-delay=\"100\" data-cycle-tile-vertical=\"true\" data-cycle-timeout=\"4000\" > <div class=\"cycloneslider-slide cycloneslider-slide-image\" > <a class=\"cycloneslider-caption-more\" target=\"_blank\" href=\"https:\/\/uomocane.com\/product\/corso-uomo-cane\/\" rel=\"noopener\"> <img decoding=\"async\" src=\"https:\/\/i0.wp.com\/infolabrador.net\/wp-content\/uploads\/2020\/09\/corso_uomo-cane-960x600.jpg\" alt=\"\" title=\"\" \/> <\/a> <div class=\"cycloneslider-caption\"> <div class=\"cycloneslider-caption-title\">CORSO UOMO CANE<\/div> <div class=\"cycloneslider-caption-description\">ADATTO A PROFESSIONISTI CINOFILI E STUDENTI CHE VOGLIONO IMPARARE IN UN NUOVO MODO E AVERE GLI STRUMENTI PER CREARSI UN PROPRIO STILE PERSONALE\nADATTO AI COACH CHE SENTONO IL BISOGNO DI APRIRSI A NUOVI PUNTI DI VISTA, AD UNA NUOVA VISIONE DEL MONDO, PER METTERE NELLA CASSETTA DEGLI ATTREZZI NUOVI ESEMPI, METAFORE E NARRAZIONI<\/div> <\/div> <\/div> <div class=\"cycloneslider-slide cycloneslider-slide-image\" > <a class=\"cycloneslider-caption-more\" target=\"_blank\" href=\"https:\/\/uomocane.com\/product\/bignamino-uomo-cane\/\" rel=\"noopener\"> <img decoding=\"async\" src=\"https:\/\/i0.wp.com\/infolabrador.net\/wp-content\/uploads\/2020\/09\/bignamino-uc-960x600.jpg\" alt=\"\" title=\"\" \/> <\/a> <div class=\"cycloneslider-caption\"> <div class=\"cycloneslider-caption-title\">BIGNAMINO UOMO CANE<\/div> <div class=\"cycloneslider-caption-description\">BIGNAMINO UOMO CANE: CONTIENE TUTTE LE TEMATICHE TRATTATE IN MODO RIDOTTO, PENSATO PER CHI VUOLE INIZIARE AD APPROCCIARSI AL MONDO UOMO CANE E VALUTARE SUCCESSIVAMENTE IL CORSO COMPLETO\nA CORSO ULTIMATO SI OTTERR\u00e0 UNA VISIONE A 360 GRADI DEL MONDO CINOFILO E NUOVI STRUMENTI PRATICI PER VIVERE MEGLIO E RIDURRE I CONFLITTI E L\u2019INSODDISFAZIONE<\/div> <\/div> <\/div> <div class=\"cycloneslider-slide cycloneslider-slide-image\" > <a class=\"cycloneslider-caption-more\" target=\"_blank\" href=\"https:\/\/uomocane.com\/product\/bigino-uomo-cane-junior\/\" rel=\"noopener\"> <img decoding=\"async\" src=\"https:\/\/i0.wp.com\/infolabrador.net\/wp-content\/uploads\/2020\/09\/bignamino_uomo-cane_junior-960x600.jpg\" alt=\"\" title=\"\" \/> <\/a> <div class=\"cycloneslider-caption\"> <div class=\"cycloneslider-caption-title\">BIGNAMINO UOMO CANE JUNIOR<\/div> <div class=\"cycloneslider-caption-description\">Pensato per i pi\u00f9 piccoli<\/div> <\/div> <\/div> <div class=\"cycloneslider-slide cycloneslider-slide-image\" > <a class=\"cycloneslider-caption-more\" target=\"_blank\" href=\"https:\/\/labradordellaspippola.it\/cucciolate\/cuccioli-di-labrador-nero\/\" rel=\"noopener\"> <img decoding=\"async\" src=\"https:\/\/i0.wp.com\/infolabrador.net\/wp-content\/uploads\/2022\/11\/cucciolata-all-black-1-960x600.webp\" alt=\"cuccili di labrador nero\" title=\"\" \/> <\/a> <div class=\"cycloneslider-caption\"> <div class=\"cycloneslider-caption-title\">Cuccioli di labrador neri<\/div> <div class=\"cycloneslider-caption-description\"><\/div> <\/div> <\/div> <\/div> <div class=\"cycloneslider-pager\"><\/div> <a href=\"#\" class=\"cycloneslider-prev\"> <span class=\"arrow\"><\/span> <\/a> <a href=\"#\" class=\"cycloneslider-next\"> <span class=\"arrow\"><\/span> <\/a> <\/div>","protected":false},"excerpt":{"rendered":"<p>La storia del Labrador retriever Non vi \u00e8 certezza sulle origini del Labrador retriever, ma per la maggior parte degli esperti e studiosi della razza \u00e8 opinione diffusa che vi siano antenati comuni con il pi\u00f9 massiccio Terranova: l\u2019ipotesi pi\u00f9 &hellip; <a class=\"kt-excerpt-readmore\" href=\"https:\/\/infolabrador.net\/en\/la-storia-del-labrador-retriever\/\" aria-label=\"La storia del labrador retriever\">Read More<\/a><\/p>","protected":false},"author":1,"featured_media":0,"comment_status":"closed","ping_status":"open","sticky":false,"template":"","format":"standard","meta":{"kt_blocks_editor_width":"","_kad_blocks_custom_css":"","_kad_blocks_head_custom_js":"","_kad_blocks_body_custom_js":"","_kad_blocks_footer_custom_js":"","yasr_overall_rating":0,"yasr_post_is_review":"","yasr_auto_insert_disabled":"","yasr_review_type":"","_jetpack_memberships_contains_paid_content":false,"footnotes":""},"categories":[6],"tags":[65,66,64,63],"class_list":["post-52","post","type-post","status-publish","format-standard","hentry","category-curiosita","tag-la-storia-del-labrador-retriever","tag-la-stria-del-labrador","tag-origine-del-labrador","tag-storia-labrador"],"yasr_visitor_votes":{"stars_attributes":{"read_only":false,"span_bottom":false},"number_of_votes":0,"sum_votes":0},"taxonomy_info":{"category":[{"value":6,"label":"curiosit\u00e0 dei retrievers"}],"post_tag":[{"value":65,"label":"la storia del labrador retriever"},{"value":66,"label":"la stria del labrador"},{"value":64,"label":"origine del labrador"},{"value":63,"label":"storia labrador"}]},"featured_image_src_large":false,"author_info":{"display_name":"admin","author_link":"https:\/\/infolabrador.net\/en\/author\/admin\/"},"comment_info":0,"category_info":[{"term_id":6,"name":"curiosit\u00e0 dei retrievers","slug":"curiosita","term_group":0,"term_taxonomy_id":6,"taxonomy":"category","description":"","parent":0,"count":21,"filter":"raw","cat_ID":6,"category_count":21,"category_description":"","cat_name":"curiosit\u00e0 dei retrievers","category_nicename":"curiosita","category_parent":0}],"tag_info":[{"term_id":65,"name":"la storia del labrador retriever","slug":"la-storia-del-labrador-retriever","term_group":0,"term_taxonomy_id":65,"taxonomy":"post_tag","description":"","parent":0,"count":1,"filter":"raw"},{"term_id":66,"name":"la stria del labrador","slug":"la-stria-del-labrador","term_group":0,"term_taxonomy_id":66,"taxonomy":"post_tag","description":"","parent":0,"count":1,"filter":"raw"},{"term_id":64,"name":"origine del labrador","slug":"origine-del-labrador","term_group":0,"term_taxonomy_id":64,"taxonomy":"post_tag","description":"","parent":0,"count":1,"filter":"raw"},{"term_id":63,"name":"storia labrador","slug":"storia-labrador","term_group":0,"term_taxonomy_id":63,"taxonomy":"post_tag","description":"","parent":0,"count":1,"filter":"raw"}],"jetpack_featured_media_url":"","jetpack_sharing_enabled":true,"_links":{"self":[{"href":"https:\/\/infolabrador.net\/en\/wp-json\/wp\/v2\/posts\/52","targetHints":{"allow":["GET"]}}],"collection":[{"href":"https:\/\/infolabrador.net\/en\/wp-json\/wp\/v2\/posts"}],"about":[{"href":"https:\/\/infolabrador.net\/en\/wp-json\/wp\/v2\/types\/post"}],"author":[{"embeddable":true,"href":"https:\/\/infolabrador.net\/en\/wp-json\/wp\/v2\/users\/1"}],"replies":[{"embeddable":true,"href":"https:\/\/infolabrador.net\/en\/wp-json\/wp\/v2\/comments?post=52"}],"version-history":[{"count":5,"href":"https:\/\/infolabrador.net\/en\/wp-json\/wp\/v2\/posts\/52\/revisions"}],"predecessor-version":[{"id":1465,"href":"https:\/\/infolabrador.net\/en\/wp-json\/wp\/v2\/posts\/52\/revisions\/1465"}],"wp:attachment":[{"href":"https:\/\/infolabrador.net\/en\/wp-json\/wp\/v2\/media?parent=52"}],"wp:term":[{"taxonomy":"category","embeddable":true,"href":"https:\/\/infolabrador.net\/en\/wp-json\/wp\/v2\/categories?post=52"},{"taxonomy":"post_tag","embeddable":true,"href":"https:\/\/infolabrador.net\/en\/wp-json\/wp\/v2\/tags?post=52"}],"curies":[{"name":"wp","href":"https:\/\/api.w.org\/{rel}","templated":true}]}}